{"id":29374,"date":"2025-05-10T08:28:25","date_gmt":"2025-05-10T06:28:25","guid":{"rendered":"https:\/\/santagostinorimini.it\/new_sito\/?p=29374"},"modified":"2025-05-10T08:28:27","modified_gmt":"2025-05-10T06:28:27","slug":"la-storia-degli-agostiniani","status":"publish","type":"post","link":"https:\/\/santagostinorimini.it\/new_sito\/2025\/05\/10\/la-storia-degli-agostiniani\/","title":{"rendered":"La storia degli Agostiniani"},"content":{"rendered":"\n<p>L&#8217;Ordine di Sant&#8217;Agostino trova la sua ispirazione nella figura e nel pensiero di Agostino di Ippona (354-430), vescovo, padre della Chiesa e autore di opere fondamentali come &#8216;Le Confessioni&#8217; e &#8216;La Citt\u00e0 di Dio&#8217;. Intellettuale di primo piano dell&#8217;antichit\u00e0 cristiana, Agostino fu anche fondatore di una forma di vita comune monastica con i suoi chierici a Ippona, nel nord Africa.<\/p>\n\n\n\n<p class=\"has-colibri-color-1-color has-text-color has-link-color has-medium-font-size wp-elements-41182d2829dc6a2bc5f4291e88cf5995\"><strong>La regola<\/strong><\/p>\n\n\n\n<p>Agostino compose una Regola di vita comunitaria, semplice e flessibile, che poneva al centro l&#8217;unit\u00e0 della comunit\u00e0, la condivisione dei beni, la preghiera e la carit\u00e0 fraterna. Questa regola, successivamente adottata da molteplici comunit\u00e0 religiose in tutta Europa, sarebbe divenuta la base per la costituzione dell&#8217;Ordine vero e proprio secoli dopo.<\/p>\n\n\n\n<p>Nel XIII secolo la crescita del movimento degli ordini mendicanti e il desiderio papale di riformare e disciplinare il panorama degli eremiti port\u00f2 alla fondazione formale dell&#8217;Ordine di Sant&#8217;Agostino. In particolare, nel 1244, papa Innocenzo IV un\u00ec diverse comunit\u00e0 eremitiche italiane (soprattutto in Toscana e nell&#8217;Italia centrale) che gi\u00e0 si ispiravano alla Regola agostiniana.<\/p>\n\n\n\n<p>Il passaggio definitivo avvenne nel 1256 con la bolla &#8220;Licet ecclesiae catholicae&#8221; di papa Alessandro IV, che decret\u00f2 l&#8217;unione di vari gruppi in un unico ordine religioso sotto la guida di un priore generale: nacquero cos\u00ec gli Eremitani di Sant&#8217;Agostino, uno dei quattro grandi ordini mendicanti ufficialmente riconosciuti dalla Santa Sede (insieme a Francescani, Domenicani e Carmelitani).<\/p>\n\n\n\n<p>L&#8217;Ordine si svilupp\u00f2 rapidamente in tutta Europa: i frati venivano destinati a vivere non pi\u00f9 in eremi isolati, ma in conventi urbani, impegnati nella predicazione, nell&#8217;amministrazione dei sacramenti e nell\u2019insegnamento. Seguendo il modello mendicante, rinunciavano alle ricchezze personali e si affidavano alla carit\u00e0 dei fedeli. Tra XIII e XIV secolo, l&#8217;Ordine contava centinaia di conventi in Italia, Germania, Francia, Spagna e Inghilterra.<\/p>\n\n\n\n<p>Gli agostiniani diedero un importante contributo anche al dibattito teologico e filosofico dell&#8217;epoca. Figure come Giles di Roma (Egidio Romano), teologo e discepolo di san Tommaso, influenzarono la corte pontificia e il pensiero scolastico. Altri agostiniani si distinsero come scrittori mistici, studiosi e predicatori.<\/p>\n\n\n\n<p>Nel corso del XV e XVI secolo l&#8217;Ordine visse tensioni interne tra l\u2019osservanza della regola e le spinte alla riforma. Una delle figure pi\u00f9 note fu Martin Lutero, monaco agostiniano tedesco del convento di Erfurt, che abbandon\u00f2 l&#8217;Ordine e la Chiesa cattolica dando inizio alla Riforma protestante nel 1517. La crisi protestante colp\u00ec duramente l&#8217;Ordine, soprattutto nei territori germanici, dove molti conventi furono soppressi o si unirono alla Riforma.<\/p>\n\n\n\n<p class=\"has-colibri-color-1-color has-text-color has-link-color has-medium-font-size wp-elements-bbb7dbf0831e8834eaeae5ad1be77b0b\"><strong>La riforma interna<\/strong><\/p>\n\n\n\n<p>Nel frattempo, nel contesto della Controriforma, gli agostiniani si impegnarono in una profonda riforma interna. Nacquero osservanze pi\u00f9 rigorose, come i Riformati, i Discalceati e altre congregazioni locali. L&#8217;Ordine contribu\u00ec attivamente all\u2019espansione missionaria nei territori colonizzati: agostiniani furono tra i primi evangelizzatori nelle Filippine, in America Latina (soprattutto in Messico e Per\u00f9) e nell&#8217;Africa portoghese.<\/p>\n\n\n\n<p>L&#8217;Ottocento fu un periodo difficile: le soppressioni napoleoniche e i governi laici in Europa ridussero drasticamente la presenza dell&#8217;Ordine. Conventi, biblioteche e scuole furono chiusi, e la vita comunitaria sub\u00ec gravi interruzioni.<\/p>\n\n\n\n<p>Tuttavia, il XX secolo vide una graduale rinascita. Dopo il Concilio Vaticano II, l&#8217;Ordine si rinnov\u00f2 spiritualmente, tornando alle fonti agostiniane: vita comunitaria semplice, liturgia curata, servizio pastorale e attenzione ai poveri. Oggi, gli Agostiniani sono attivi in oltre 40 paesi, in Europa, nelle Americhe, in Asia e in Africa. Una presenza discreta ma profonda, capace di unire pensiero e carit\u00e0, contemplazione e azione, fedelt\u00e0 e riforma, nella riscoperta di una spiritualit\u00e0 che non cerca potere, ma unit\u00e0, non visibilit\u00e0, ma profondit\u00e0.<\/p>\n\n\n\n<p>(tratto da un testo di Paolo Martini su: Adnkronos))<\/p>\n","protected":false},"excerpt":{"rendered":"<p>L&#8217;Ordine di Sant&#8217;Agostino trova la sua ispirazione nella figura e nel pensiero di Agostino di Ippona (354-430), vescovo, padre della Chiesa e autore di opere fondamentali come &#8216;Le Confessioni&#8217; e &#8216;La Citt\u00e0 di Dio&#8217;. Intellettuale di primo piano dell&#8217;antichit\u00e0 cristiana, Agostino fu anche fondatore di una forma di vita comune monastica con i suoi chierici [&hellip;]<\/p>\n","protected":false},"author":5,"featured_media":18964,"comment_status":"closed","ping_status":"open","sticky":false,"template":"","format":"standard","meta":{"iawp_total_views":9,"footnotes":""},"categories":[99,6,113],"tags":[],"class_list":["post-29374","post","type-post","status-publish","format-standard","has-post-thumbnail","hentry","category-approfondimento","category-articolo","category-parrocchia"],"_links":{"self":[{"href":"https:\/\/santagostinorimini.it\/new_sito\/wp-json\/wp\/v2\/posts\/29374","targetHints":{"allow":["GET"]}}],"collection":[{"href":"https:\/\/santagostinorimini.it\/new_sito\/wp-json\/wp\/v2\/posts"}],"about":[{"href":"https:\/\/santagostinorimini.it\/new_sito\/wp-json\/wp\/v2\/types\/post"}],"author":[{"embeddable":true,"href":"https:\/\/santagostinorimini.it\/new_sito\/wp-json\/wp\/v2\/users\/5"}],"replies":[{"embeddable":true,"href":"https:\/\/santagostinorimini.it\/new_sito\/wp-json\/wp\/v2\/comments?post=29374"}],"version-history":[{"count":1,"href":"https:\/\/santagostinorimini.it\/new_sito\/wp-json\/wp\/v2\/posts\/29374\/revisions"}],"predecessor-version":[{"id":29375,"href":"https:\/\/santagostinorimini.it\/new_sito\/wp-json\/wp\/v2\/posts\/29374\/revisions\/29375"}],"wp:featuredmedia":[{"embeddable":true,"href":"https:\/\/santagostinorimini.it\/new_sito\/wp-json\/wp\/v2\/media\/18964"}],"wp:attachment":[{"href":"https:\/\/santagostinorimini.it\/new_sito\/wp-json\/wp\/v2\/media?parent=29374"}],"wp:term":[{"taxonomy":"category","embeddable":true,"href":"https:\/\/santagostinorimini.it\/new_sito\/wp-json\/wp\/v2\/categories?post=29374"},{"taxonomy":"post_tag","embeddable":true,"href":"https:\/\/santagostinorimini.it\/new_sito\/wp-json\/wp\/v2\/tags?post=29374"}],"curies":[{"name":"wp","href":"https:\/\/api.w.org\/{rel}","templated":true}]}}